{"id":33009,"date":"2022-09-29T16:46:23","date_gmt":"2022-09-29T14:46:23","guid":{"rendered":"https:\/\/lfmalaga.com\/les-vacances-dautomne-arrivent-bientot-copy\/"},"modified":"2022-09-30T09:07:32","modified_gmt":"2022-09-30T07:07:32","slug":"theatre-2nde-et-1ere-premiere-representation-lecole-du-spectateur","status":"publish","type":"post","link":"https:\/\/lfmalaga.com\/es\/theatre-2nde-et-1ere-premiere-representation-lecole-du-spectateur\/","title":{"rendered":"Los alumnos de 2\u00ba y 1\u00ba de la opci\u00f3n teatral asistieron a su primera actuaci\u00f3n del a\u00f1o en el marco de la \u201cescuela de espectadores\u201d"},"content":{"rendered":"<div data-elementor-type=\"wp-post\" data-elementor-id=\"33009\" class=\"elementor elementor-33009\" data-elementor-post-type=\"post\">\n\t\t\t\t<div class=\"elementor-element elementor-element-6f67740 e-flex e-con-boxed e-con e-parent\" data-id=\"6f67740\" data-element_type=\"container\" data-e-type=\"container\">\n\t\t\t\t\t<div class=\"e-con-inner\">\n\t\t\t\t<div class=\"elementor-element elementor-element-6b075a2 elementor-widget elementor-widget-heading\" data-id=\"6b075a2\" data-element_type=\"widget\" data-e-type=\"widget\" data-widget_type=\"heading.default\">\n\t\t\t\t<div class=\"elementor-widget-container\">\n\t\t\t\t\t<h2 class=\"elementor-heading-title elementor-size-default\">Los alumnos de 4\u00ba ESO y 1\u00ba Bach. (opci\u00f3n de teatro) asistieron a su primera funci\u00f3n del a\u00f1o en el marco de la \u201cescuela de espectadores\u201d<\/h2>\t\t\t\t<\/div>\n\t\t\t\t<\/div>\n\t\t\t\t<div class=\"elementor-element elementor-element-2e59445 elementor-widget elementor-widget-text-editor\" data-id=\"2e59445\" data-element_type=\"widget\" data-e-type=\"widget\" data-widget_type=\"text-editor.default\">\n\t\t\t\t<div class=\"elementor-widget-container\">\n\t\t\t\t\t\t\t\t\t<div class=\"m8h3af8h l7ghb35v kjdc1dyq kmwttqpk gh25dzvf n3t5jt4f\"><div dir=\"auto\"><div class=\"m8h3af8h l7ghb35v kjdc1dyq kmwttqpk gh25dzvf n3t5jt4f\"><div dir=\"auto\"><div class=\"m8h3af8h l7ghb35v kjdc1dyq kmwttqpk gh25dzvf n3t5jt4f\"><div dir=\"auto\"><div class=\"m8h3af8h l7ghb35v kjdc1dyq kmwttqpk gh25dzvf n3t5jt4f\"><div dir=\"auto\">El viernes 23 de septiembre los alumnos de 2\u00ba y 1\u00ba a\u00f1o de la modalidad de teatro asistieron a su primera funci\u00f3n del a\u00f1o en el marco de la \u201cescuela de espectadores\u201d. Se trat\u00f3 de \u201cAma\u201d de la compa\u00f1\u00eda Marie de Jongh en el Centro cultural Mar\u00eda Victoria Atencia: una obra dram\u00e1tica realizada con m\u00e1scaras neutras que enfatizaba la performance f\u00edsica. \u201cAma\u201d (\u201cmadre\u201d en euskera) ilustra el tema de la familia y enfatiza el cuidado a los mayores y los choques generacionales. \u00a1Una obra que no te dejar\u00e1 indiferente!<br \/>\ud83d\udc49\ud83c\udffb https:\/\/www.youtube.com\/watch?v=vyhwkFL9mrM<\/div><\/div><div class=\"l7ghb35v kjdc1dyq kmwttqpk gh25dzvf jikcssrz n3t5jt4f\"><div dir=\"auto\">\u00a0<\/div><\/div><div class=\"l7ghb35v kjdc1dyq kmwttqpk gh25dzvf jikcssrz n3t5jt4f\"><div dir=\"auto\"><a class=\"qi72231t nu7423ey n3hqoq4p r86q59rh b3qcqh3k fq87ekyn bdao358l fsf7x5fv rse6dlih s5oniofx m8h3af8h l7ghb35v kjdc1dyq kmwttqpk srn514ro oxkhqvkx rl78xhln nch0832m cr00lzj9 rn8ck1ys s3jn8y49 icdlwmnq  _aa9_ _a6hd\" tabindex=\"0\" role=\"link\" href=\"https:\/\/www.instagram.com\/explore\/tags\/lfim\/?hl=fr\" target=\"_blank\" rel=\"noopener\">#LFIM<\/a>\u00a0<a class=\"qi72231t nu7423ey n3hqoq4p r86q59rh b3qcqh3k fq87ekyn bdao358l fsf7x5fv rse6dlih s5oniofx m8h3af8h l7ghb35v kjdc1dyq kmwttqpk srn514ro oxkhqvkx rl78xhln nch0832m cr00lzj9 rn8ck1ys s3jn8y49 icdlwmnq  _aa9_ _a6hd\" tabindex=\"0\" role=\"link\" href=\"https:\/\/www.instagram.com\/explore\/tags\/lfimalaga\/?hl=fr\" target=\"_blank\" rel=\"noopener\">#LFIM\u00e1laga<\/a>\u00a0<a class=\"qi72231t nu7423ey n3hqoq4p r86q59rh b3qcqh3k fq87ekyn bdao358l fsf7x5fv rse6dlih s5oniofx m8h3af8h l7ghb35v kjdc1dyq kmwttqpk srn514ro oxkhqvkx rl78xhln nch0832m cr00lzj9 rn8ck1ys s3jn8y49 icdlwmnq  _aa9_ _a6hd\" tabindex=\"0\" role=\"link\" href=\"https:\/\/www.instagram.com\/explore\/tags\/lyc%C3%A9efran%C3%A7aisdemalaga\/?hl=fr\" target=\"_blank\" rel=\"noopener\">#Instituto Franc\u00e9sM\u00e1laga<\/a><\/div><\/div><\/div><\/div><div class=\"l7ghb35v kjdc1dyq kmwttqpk gh25dzvf jikcssrz n3t5jt4f\">\u00a0<\/div><\/div><\/div><\/div><\/div>\t\t\t\t\t\t\t\t<\/div>\n\t\t\t\t<\/div>\n\t\t\t\t<div class=\"elementor-element elementor-element-6184312 elementor-widget elementor-widget-image\" data-id=\"6184312\" data-element_type=\"widget\" data-e-type=\"widget\" data-widget_type=\"image.default\">\n\t\t\t\t<div class=\"elementor-widget-container\">\n\t\t\t\t\t\t\t\t\t\t\t\t\t\t\t<img fetchpriority=\"high\" decoding=\"async\" width=\"747\" height=\"800\" src=\"https:\/\/lfmalaga.com\/wp-content\/uploads\/2022\/09\/309269453_493960896082999_7917324503296325931_n.jpeg\" class=\"attachment-1536x1536 size-1536x1536 wp-image-33012\" alt=\"\" srcset=\"https:\/\/lfmalaga.com\/wp-content\/uploads\/2022\/09\/309269453_493960896082999_7917324503296325931_n.jpeg 747w, https:\/\/lfmalaga.com\/wp-content\/uploads\/2022\/09\/309269453_493960896082999_7917324503296325931_n-280x300.jpeg 280w, https:\/\/lfmalaga.com\/wp-content\/uploads\/2022\/09\/309269453_493960896082999_7917324503296325931_n-11x12.jpeg 11w\" sizes=\"(max-width: 747px) 100vw, 747px\" \/>\t\t\t\t\t\t\t\t\t\t\t\t\t\t\t<\/div>\n\t\t\t\t<\/div>\n\t\t\t\t\t<\/div>\n\t\t\t\t<\/div>\n\t\t<div class=\"elementor-element elementor-element-9852992 e-flex e-con-boxed e-con e-parent\" data-id=\"9852992\" data-element_type=\"container\" data-e-type=\"container\">\n\t\t\t\t\t<div class=\"e-con-inner\">\n\t\t\t\t<div class=\"elementor-element elementor-element-3c477d6 elementor-widget elementor-widget-spacer\" data-id=\"3c477d6\" data-element_type=\"widget\" data-e-type=\"widget\" data-widget_type=\"spacer.default\">\n\t\t\t\t<div class=\"elementor-widget-container\">\n\t\t\t\t\t\t\t<div class=\"elementor-spacer\">\n\t\t\t<div class=\"elementor-spacer-inner\"><\/div>\n\t\t<\/div>\n\t\t\t\t\t\t<\/div>\n\t\t\t\t<\/div>\n\t\t\t\t<div class=\"elementor-element elementor-element-f0c1ad8 elementor-shape-circle elementor-grid-0 e-grid-align-center elementor-widget elementor-widget-social-icons\" data-id=\"f0c1ad8\" data-element_type=\"widget\" data-e-type=\"widget\" data-widget_type=\"social-icons.default\">\n\t\t\t\t<div class=\"elementor-widget-container\">\n\t\t\t\t\t\t\t<div class=\"elementor-social-icons-wrapper elementor-grid\" role=\"list\">\n\t\t\t\t\t\t\t<span class=\"elementor-grid-item\" role=\"listitem\">\n\t\t\t\t\t<a class=\"elementor-icon elementor-social-icon elementor-social-icon-facebook elementor-repeater-item-a0b8d99\" href=\"https:\/\/www.facebook.com\/photo?fbid=493960906082998&#038;set=a.472538988225190\" target=\"_blank\" rel=\"noopener\">\n\t\t\t\t\t\t<span class=\"elementor-screen-only\">Facebook<\/span>\n\t\t\t\t\t\t<i aria-hidden=\"true\" class=\"fab fa-facebook\"><\/i>\t\t\t\t\t<\/a>\n\t\t\t\t<\/span>\n\t\t\t\t\t\t\t<span class=\"elementor-grid-item\" role=\"listitem\">\n\t\t\t\t\t<a class=\"elementor-icon elementor-social-icon elementor-social-icon-instagram elementor-repeater-item-2a125a5\" href=\"https:\/\/www.instagram.com\/p\/CjDuUsgoIHA\/?hl=fr\" target=\"_blank\" rel=\"noopener\">\n\t\t\t\t\t\t<span class=\"elementor-screen-only\">instagram<\/span>\n\t\t\t\t\t\t<i aria-hidden=\"true\" class=\"fab fa-instagram\"><\/i>\t\t\t\t\t<\/a>\n\t\t\t\t<\/span>\n\t\t\t\t\t<\/div>\n\t\t\t\t\t\t<\/div>\n\t\t\t\t<\/div>\n\t\t\t\t<div class=\"elementor-element elementor-element-5ef74bc elementor-widget elementor-widget-spacer\" data-id=\"5ef74bc\" data-element_type=\"widget\" data-e-type=\"widget\" data-widget_type=\"spacer.default\">\n\t\t\t\t<div class=\"elementor-widget-container\">\n\t\t\t\t\t\t\t<div class=\"elementor-spacer\">\n\t\t\t<div class=\"elementor-spacer-inner\"><\/div>\n\t\t<\/div>\n\t\t\t\t\t\t<\/div>\n\t\t\t\t<\/div>\n\t\t\t\t\t<\/div>\n\t\t\t\t<\/div>\n\t\t\t\t<\/div>","protected":false},"excerpt":{"rendered":"<p>Les \u00e9l\u00e8ves de l&rsquo;option th\u00e9\u00e2tre 2nde et 1\u00e8re ont assist\u00e9 \u00e0 leur premi\u00e8re repr\u00e9sentation de l&rsquo;ann\u00e9e dans le cadre de \u00ab\u00a0l&rsquo;\u00e9cole du spectateur\u00a0\u00bb Vendredi 23 septembre, les \u00e9l\u00e8ves de l&rsquo;option th\u00e9\u00e2tre 2nde et 1\u00e8re ont assist\u00e9 \u00e0 leur premi\u00e8re repr\u00e9sentation de l&rsquo;ann\u00e9e dans le cadre de \u00ab\u00a0l&rsquo;\u00e9cole du spectateur\u00a0\u00bb. Il s&rsquo;agissait de \u00ab\u00a0Ama\u00a0\u00bb de la [&hellip;]<\/p>\n","protected":false},"author":2,"featured_media":33012,"comment_status":"closed","ping_status":"open","sticky":false,"template":"","format":"standard","meta":{"footnotes":""},"categories":[28,1,31],"tags":[],"class_list":["post-33009","post","type-post","status-publish","format-standard","has-post-thumbnail","hentry","category-actualites","category-uncategorized","category-vie-scolaire"],"_links":{"self":[{"href":"https:\/\/lfmalaga.com\/es\/wp-json\/wp\/v2\/posts\/33009","targetHints":{"allow":["GET"]}}],"collection":[{"href":"https:\/\/lfmalaga.com\/es\/wp-json\/wp\/v2\/posts"}],"about":[{"href":"https:\/\/lfmalaga.com\/es\/wp-json\/wp\/v2\/types\/post"}],"author":[{"embeddable":true,"href":"https:\/\/lfmalaga.com\/es\/wp-json\/wp\/v2\/users\/2"}],"replies":[{"embeddable":true,"href":"https:\/\/lfmalaga.com\/es\/wp-json\/wp\/v2\/comments?post=33009"}],"version-history":[{"count":0,"href":"https:\/\/lfmalaga.com\/es\/wp-json\/wp\/v2\/posts\/33009\/revisions"}],"wp:featuredmedia":[{"embeddable":true,"href":"https:\/\/lfmalaga.com\/es\/wp-json\/wp\/v2\/media\/33012"}],"wp:attachment":[{"href":"https:\/\/lfmalaga.com\/es\/wp-json\/wp\/v2\/media?parent=33009"}],"wp:term":[{"taxonomy":"category","embeddable":true,"href":"https:\/\/lfmalaga.com\/es\/wp-json\/wp\/v2\/categories?post=33009"},{"taxonomy":"post_tag","embeddable":true,"href":"https:\/\/lfmalaga.com\/es\/wp-json\/wp\/v2\/tags?post=33009"}],"curies":[{"name":"wp","href":"https:\/\/api.w.org\/{rel}","templated":true}]}}