{"id":33596,"date":"2022-11-29T15:12:04","date_gmt":"2022-11-29T14:12:04","guid":{"rendered":"https:\/\/lfmalaga.com\/?p=33596"},"modified":"2022-11-29T15:12:05","modified_gmt":"2022-11-29T14:12:05","slug":"journee-de-lutte-contre-le-harcelement-scolaire","status":"publish","type":"post","link":"https:\/\/lfmalaga.com\/es\/journee-de-lutte-contre-le-harcelement-scolaire\/","title":{"rendered":"d\u00eda contra el bullying"},"content":{"rendered":"<p>El viernes 18 de noviembre nos centramos en la lucha contra el acoso escolar. Con el fin de abordar esta tem\u00e1tica de acuerdo al nivel de nuestros alumnos, se han llevado a cabo diversas acciones. Aceptar las diferencias y ayudar a los dem\u00e1s, no burlarse, no dejar pasar las cosas o dejar pasar las cosas, avisar a los adultos, son las principales claves que hemos transmitido a trav\u00e9s de \u00e1lbumes ilustrados, v\u00eddeos, sesiones con el estudio de documentos y debates asentados, a veces con el maestro y el profesor de lengua en la misma clase. Tambi\u00e9n fue una oportunidad para creaciones art\u00edsticas y educativas.<\/p>\n\n\n\n<p>Una acci\u00f3n necesaria que nos tomamos muy en serio.<\/p>\n\n\n\n<figure class=\"wp-block-gallery has-nested-images columns-default is-cropped wp-block-gallery-1 is-layout-flex wp-block-gallery-is-layout-flex\">\n<figure class=\"wp-block-image size-large\"><img fetchpriority=\"high\" decoding=\"async\" width=\"1024\" height=\"1024\" data-id=\"33597\" src=\"https:\/\/lfmalaga.com\/wp-content\/uploads\/2022\/11\/Harcel.3-1024x1024.jpg\" alt=\"\" class=\"wp-image-33597\" srcset=\"https:\/\/lfmalaga.com\/wp-content\/uploads\/2022\/11\/Harcel.3-1024x1024.jpg 1024w, https:\/\/lfmalaga.com\/wp-content\/uploads\/2022\/11\/Harcel.3-300x300.jpg 300w, https:\/\/lfmalaga.com\/wp-content\/uploads\/2022\/11\/Harcel.3-150x150.jpg 150w, https:\/\/lfmalaga.com\/wp-content\/uploads\/2022\/11\/Harcel.3-768x768.jpg 768w, https:\/\/lfmalaga.com\/wp-content\/uploads\/2022\/11\/Harcel.3-12x12.jpg 12w, https:\/\/lfmalaga.com\/wp-content\/uploads\/2022\/11\/Harcel.3.jpg 1080w\" sizes=\"(max-width: 1024px) 100vw, 1024px\" \/><\/figure>\n\n\n\n<figure class=\"wp-block-image size-large\"><img decoding=\"async\" width=\"1024\" height=\"1024\" data-id=\"33599\" src=\"https:\/\/lfmalaga.com\/wp-content\/uploads\/2022\/11\/Harcel.6-1024x1024.jpg\" alt=\"\" class=\"wp-image-33599\" srcset=\"https:\/\/lfmalaga.com\/wp-content\/uploads\/2022\/11\/Harcel.6-1024x1024.jpg 1024w, https:\/\/lfmalaga.com\/wp-content\/uploads\/2022\/11\/Harcel.6-300x300.jpg 300w, https:\/\/lfmalaga.com\/wp-content\/uploads\/2022\/11\/Harcel.6-150x150.jpg 150w, https:\/\/lfmalaga.com\/wp-content\/uploads\/2022\/11\/Harcel.6-768x768.jpg 768w, https:\/\/lfmalaga.com\/wp-content\/uploads\/2022\/11\/Harcel.6-12x12.jpg 12w, https:\/\/lfmalaga.com\/wp-content\/uploads\/2022\/11\/Harcel.6.jpg 1080w\" sizes=\"(max-width: 1024px) 100vw, 1024px\" \/><\/figure>\n\n\n\n<figure class=\"wp-block-image size-large\"><img decoding=\"async\" width=\"1024\" height=\"1024\" data-id=\"33600\" src=\"https:\/\/lfmalaga.com\/wp-content\/uploads\/2022\/11\/Harcel.7-1024x1024.jpg\" alt=\"\" class=\"wp-image-33600\" srcset=\"https:\/\/lfmalaga.com\/wp-content\/uploads\/2022\/11\/Harcel.7-1024x1024.jpg 1024w, https:\/\/lfmalaga.com\/wp-content\/uploads\/2022\/11\/Harcel.7-300x300.jpg 300w, https:\/\/lfmalaga.com\/wp-content\/uploads\/2022\/11\/Harcel.7-150x150.jpg 150w, https:\/\/lfmalaga.com\/wp-content\/uploads\/2022\/11\/Harcel.7-768x768.jpg 768w, https:\/\/lfmalaga.com\/wp-content\/uploads\/2022\/11\/Harcel.7-12x12.jpg 12w, https:\/\/lfmalaga.com\/wp-content\/uploads\/2022\/11\/Harcel.7.jpg 1080w\" sizes=\"(max-width: 1024px) 100vw, 1024px\" \/><\/figure>\n<\/figure>\n\n\n\n<p><\/p>\n\n\n\n<p>La Polic\u00eda Nacional tambi\u00e9n imparti\u00f3 una charla a alumnos de 5\u00ba curso y a sus padres sobre c\u00f3mo prevenir cualquier forma de acoso.<\/p>\n\n\n\n<figure class=\"wp-block-image size-large is-resized\"><img loading=\"lazy\" decoding=\"async\" src=\"https:\/\/lfmalaga.com\/wp-content\/uploads\/2022\/11\/Harcel.8-1024x1024.jpg\" alt=\"\" class=\"wp-image-33601\" width=\"329\" height=\"329\" srcset=\"https:\/\/lfmalaga.com\/wp-content\/uploads\/2022\/11\/Harcel.8-1024x1024.jpg 1024w, https:\/\/lfmalaga.com\/wp-content\/uploads\/2022\/11\/Harcel.8-300x300.jpg 300w, https:\/\/lfmalaga.com\/wp-content\/uploads\/2022\/11\/Harcel.8-150x150.jpg 150w, https:\/\/lfmalaga.com\/wp-content\/uploads\/2022\/11\/Harcel.8-768x768.jpg 768w, https:\/\/lfmalaga.com\/wp-content\/uploads\/2022\/11\/Harcel.8-12x12.jpg 12w, https:\/\/lfmalaga.com\/wp-content\/uploads\/2022\/11\/Harcel.8.jpg 1080w\" sizes=\"(max-width: 329px) 100vw, 329px\" \/><\/figure>","protected":false},"excerpt":{"rendered":"<p>Vendredi 18 novembre, nous avons mis l\u2019accent sur la lutte contre le harc\u00e8lement \u00e0 l\u2019\u00e9cole. Afin d\u2019aborder ce th\u00e8me selon le niveau de nos \u00e9l\u00e8ves, diverses actions ont \u00e9t\u00e9 men\u00e9es. Accepter les diff\u00e9rences et aider les autres, ne pas se moquer, ne pas se laisser faire ni laisser faire, pr\u00e9venir les adultes, sont les cl\u00e9s [&hellip;]<\/p>\n","protected":false},"author":3,"featured_media":33604,"comment_status":"open","ping_status":"open","sticky":false,"template":"","format":"standard","meta":{"footnotes":""},"categories":[28],"tags":[],"class_list":["post-33596","post","type-post","status-publish","format-standard","has-post-thumbnail","hentry","category-actualites"],"_links":{"self":[{"href":"https:\/\/lfmalaga.com\/es\/wp-json\/wp\/v2\/posts\/33596","targetHints":{"allow":["GET"]}}],"collection":[{"href":"https:\/\/lfmalaga.com\/es\/wp-json\/wp\/v2\/posts"}],"about":[{"href":"https:\/\/lfmalaga.com\/es\/wp-json\/wp\/v2\/types\/post"}],"author":[{"embeddable":true,"href":"https:\/\/lfmalaga.com\/es\/wp-json\/wp\/v2\/users\/3"}],"replies":[{"embeddable":true,"href":"https:\/\/lfmalaga.com\/es\/wp-json\/wp\/v2\/comments?post=33596"}],"version-history":[{"count":1,"href":"https:\/\/lfmalaga.com\/es\/wp-json\/wp\/v2\/posts\/33596\/revisions"}],"predecessor-version":[{"id":33605,"href":"https:\/\/lfmalaga.com\/es\/wp-json\/wp\/v2\/posts\/33596\/revisions\/33605"}],"wp:featuredmedia":[{"embeddable":true,"href":"https:\/\/lfmalaga.com\/es\/wp-json\/wp\/v2\/media\/33604"}],"wp:attachment":[{"href":"https:\/\/lfmalaga.com\/es\/wp-json\/wp\/v2\/media?parent=33596"}],"wp:term":[{"taxonomy":"category","embeddable":true,"href":"https:\/\/lfmalaga.com\/es\/wp-json\/wp\/v2\/categories?post=33596"},{"taxonomy":"post_tag","embeddable":true,"href":"https:\/\/lfmalaga.com\/es\/wp-json\/wp\/v2\/tags?post=33596"}],"curies":[{"name":"wp","href":"https:\/\/api.w.org\/{rel}","templated":true}]}}