{"id":33965,"date":"2023-02-17T14:27:02","date_gmt":"2023-02-17T13:27:02","guid":{"rendered":"https:\/\/lfmalaga.com\/?p=33965"},"modified":"2023-02-17T14:27:04","modified_gmt":"2023-02-17T13:27:04","slug":"intervention-de-la-cear-aupres-de-nos-cm2","status":"publish","type":"post","link":"https:\/\/lfmalaga.com\/es\/intervention-de-la-cear-aupres-de-nos-cm2\/","title":{"rendered":"Visita de la CEAR a nuestros alumnos de CM2"},"content":{"rendered":"<p>El mi\u00e9rcoles 15 de febrero, nuestros alumnos de CM2 recibieron a dos miembros de la CEAR, Comisi\u00f3n Espa\u00f1ola de Ayuda al Refugiado, que defiende el derecho de asilo y los derechos humanos desde 1979.<\/p>\n\n\n\n<p>Pudieron conversar con Ana, de Venezuela, y Namak\u00e9, de Mal\u00ed, tras escuchar con mucho inter\u00e9s su experiencia como refugiados.<\/p>\n\n\n\n<figure class=\"wp-block-gallery has-nested-images columns-default is-cropped wp-block-gallery-1 is-layout-flex wp-block-gallery-is-layout-flex\">\n<figure class=\"wp-block-image size-large\"><img fetchpriority=\"high\" decoding=\"async\" width=\"1024\" height=\"1024\" data-id=\"33962\" src=\"https:\/\/lfmalaga.com\/wp-content\/uploads\/2023\/02\/CEAR3-1024x1024.jpg\" alt=\"\" class=\"wp-image-33962\" srcset=\"https:\/\/lfmalaga.com\/wp-content\/uploads\/2023\/02\/CEAR3-1024x1024.jpg 1024w, https:\/\/lfmalaga.com\/wp-content\/uploads\/2023\/02\/CEAR3-300x300.jpg 300w, https:\/\/lfmalaga.com\/wp-content\/uploads\/2023\/02\/CEAR3-150x150.jpg 150w, https:\/\/lfmalaga.com\/wp-content\/uploads\/2023\/02\/CEAR3-768x768.jpg 768w, https:\/\/lfmalaga.com\/wp-content\/uploads\/2023\/02\/CEAR3-12x12.jpg 12w, https:\/\/lfmalaga.com\/wp-content\/uploads\/2023\/02\/CEAR3.jpg 1080w\" sizes=\"(max-width: 1024px) 100vw, 1024px\" \/><\/figure>\n\n\n\n<figure class=\"wp-block-image size-large\"><img decoding=\"async\" width=\"1024\" height=\"1024\" data-id=\"33961\" src=\"https:\/\/lfmalaga.com\/wp-content\/uploads\/2023\/02\/CEAR2-1024x1024.jpg\" alt=\"\" class=\"wp-image-33961\" srcset=\"https:\/\/lfmalaga.com\/wp-content\/uploads\/2023\/02\/CEAR2-1024x1024.jpg 1024w, https:\/\/lfmalaga.com\/wp-content\/uploads\/2023\/02\/CEAR2-300x300.jpg 300w, https:\/\/lfmalaga.com\/wp-content\/uploads\/2023\/02\/CEAR2-150x150.jpg 150w, https:\/\/lfmalaga.com\/wp-content\/uploads\/2023\/02\/CEAR2-768x768.jpg 768w, https:\/\/lfmalaga.com\/wp-content\/uploads\/2023\/02\/CEAR2-12x12.jpg 12w, https:\/\/lfmalaga.com\/wp-content\/uploads\/2023\/02\/CEAR2.jpg 1080w\" sizes=\"(max-width: 1024px) 100vw, 1024px\" \/><\/figure>\n\n\n\n<figure class=\"wp-block-image size-large\"><img decoding=\"async\" width=\"1024\" height=\"1024\" data-id=\"33964\" src=\"https:\/\/lfmalaga.com\/wp-content\/uploads\/2023\/02\/CEAR4-1024x1024.jpg\" alt=\"\" class=\"wp-image-33964\" srcset=\"https:\/\/lfmalaga.com\/wp-content\/uploads\/2023\/02\/CEAR4-1024x1024.jpg 1024w, https:\/\/lfmalaga.com\/wp-content\/uploads\/2023\/02\/CEAR4-300x300.jpg 300w, https:\/\/lfmalaga.com\/wp-content\/uploads\/2023\/02\/CEAR4-150x150.jpg 150w, https:\/\/lfmalaga.com\/wp-content\/uploads\/2023\/02\/CEAR4-768x768.jpg 768w, https:\/\/lfmalaga.com\/wp-content\/uploads\/2023\/02\/CEAR4-12x12.jpg 12w, https:\/\/lfmalaga.com\/wp-content\/uploads\/2023\/02\/CEAR4.jpg 1080w\" sizes=\"(max-width: 1024px) 100vw, 1024px\" \/><\/figure>\n<\/figure>\n\n\n\n<p><\/p>","protected":false},"excerpt":{"rendered":"<p>El mi\u00e9rcoles 15 de febrero, nuestros alumnos de CM2 recibieron a dos miembros de CEAR, la Comisi\u00f3n Espa\u00f1ola de Ayuda al Refugiado, que defiende el asilo y los derechos humanos desde 1979. Pudieron conversar con Ana, de Venezuela, y Namak\u00e9, de Mali, quienes les contaron su experiencia como migrantes.<\/p>","protected":false},"author":3,"featured_media":33963,"comment_status":"open","ping_status":"open","sticky":false,"template":"","format":"standard","meta":{"footnotes":""},"categories":[28],"tags":[],"class_list":["post-33965","post","type-post","status-publish","format-standard","has-post-thumbnail","hentry","category-actualites"],"_links":{"self":[{"href":"https:\/\/lfmalaga.com\/es\/wp-json\/wp\/v2\/posts\/33965","targetHints":{"allow":["GET"]}}],"collection":[{"href":"https:\/\/lfmalaga.com\/es\/wp-json\/wp\/v2\/posts"}],"about":[{"href":"https:\/\/lfmalaga.com\/es\/wp-json\/wp\/v2\/types\/post"}],"author":[{"embeddable":true,"href":"https:\/\/lfmalaga.com\/es\/wp-json\/wp\/v2\/users\/3"}],"replies":[{"embeddable":true,"href":"https:\/\/lfmalaga.com\/es\/wp-json\/wp\/v2\/comments?post=33965"}],"version-history":[{"count":1,"href":"https:\/\/lfmalaga.com\/es\/wp-json\/wp\/v2\/posts\/33965\/revisions"}],"predecessor-version":[{"id":33966,"href":"https:\/\/lfmalaga.com\/es\/wp-json\/wp\/v2\/posts\/33965\/revisions\/33966"}],"wp:featuredmedia":[{"embeddable":true,"href":"https:\/\/lfmalaga.com\/es\/wp-json\/wp\/v2\/media\/33963"}],"wp:attachment":[{"href":"https:\/\/lfmalaga.com\/es\/wp-json\/wp\/v2\/media?parent=33965"}],"wp:term":[{"taxonomy":"category","embeddable":true,"href":"https:\/\/lfmalaga.com\/es\/wp-json\/wp\/v2\/categories?post=33965"},{"taxonomy":"post_tag","embeddable":true,"href":"https:\/\/lfmalaga.com\/es\/wp-json\/wp\/v2\/tags?post=33965"}],"curies":[{"name":"wp","href":"https:\/\/api.w.org\/{rel}","templated":true}]}}