{"id":33970,"date":"2023-02-20T10:38:48","date_gmt":"2023-02-20T09:38:48","guid":{"rendered":"https:\/\/lfmalaga.com\/?p=33970"},"modified":"2023-02-20T10:38:50","modified_gmt":"2023-02-20T09:38:50","slug":"intervention-de-lassociation-femmes-et-sciences","status":"publish","type":"post","link":"https:\/\/lfmalaga.com\/es\/intervention-de-lassociation-femmes-et-sciences\/","title":{"rendered":"Intervenci\u00f3n de la Asociaci\u00f3n \u201cMujeres y Ciencia\u201d"},"content":{"rendered":"<p>Del 15 al 17 de febrero recibimos la visita de la Sra. Mar\u00eda Navajas, de la Asociaci\u00f3n \u201cMujeres y Ciencia\u201d. Ella habl\u00f3 con nuestros estudiantes de CM2 y 5<sup>\u00ba bach.<\/sup> y 4\u00ba ESO.<\/p>\n\n\n\n<p>Esta asociaci\u00f3n defiende la voluntad de promover y potenciar las carreras cient\u00edficas y t\u00e9cnicas entre las ni\u00f1as y mujeres j\u00f3venes, as\u00ed como de promover y potenciar a las mujeres en las carreras cient\u00edficas y t\u00e9cnicas.<\/p>\n\n\n\n<p>Los temas tratados:<\/p>\n\n\n\n<ul class=\"wp-block-list\">\n<li>El lugar de las mujeres en la ciencia y la necesidad de hacerlas m\u00e1s visibles.<\/li>\n\n\n\n<li>El hecho de que las ni\u00f1as eligen estudios\/profesiones cient\u00edficas con menos frecuencia que los ni\u00f1os (cifras que lo respaldan).<\/li>\n\n\n\n<li>Las posibles causas de este desequilibrio, entre ellas: la falta de modelos a seguir para las mujeres cient\u00edficas y los estereotipos de g\u00e9nero.<\/li>\n\n\n\n<li>La profesi\u00f3n de cient\u00edfico\/investigador, especialmente en biolog\u00eda.<\/li>\n\n\n\n<li>Mujeres cient\u00edficas de la historia y de la actualidad que hicieron grandes descubrimientos (adem\u00e1s de Marie Curie) y a veces son olvidadas.<\/li>\n<\/ul>\n\n\n\n<p>\u00a1Nuestros alumnos disfrutaron mucho y se mostraron participativos!<\/p>\n\n\n\n<p><\/p>\n\n\n\n<figure class=\"wp-block-gallery has-nested-images columns-default is-cropped wp-block-gallery-1 is-layout-flex wp-block-gallery-is-layout-flex\">\n<figure class=\"wp-block-image size-large\"><img fetchpriority=\"high\" decoding=\"async\" width=\"1024\" height=\"670\" data-id=\"33969\" src=\"https:\/\/lfmalaga.com\/wp-content\/uploads\/2023\/02\/FS1-1024x670.jpg\" alt=\"\" class=\"wp-image-33969\" srcset=\"https:\/\/lfmalaga.com\/wp-content\/uploads\/2023\/02\/FS1-1024x670.jpg 1024w, https:\/\/lfmalaga.com\/wp-content\/uploads\/2023\/02\/FS1-300x196.jpg 300w, https:\/\/lfmalaga.com\/wp-content\/uploads\/2023\/02\/FS1-768x503.jpg 768w, https:\/\/lfmalaga.com\/wp-content\/uploads\/2023\/02\/FS1-18x12.jpg 18w, https:\/\/lfmalaga.com\/wp-content\/uploads\/2023\/02\/FS1.jpg 1415w\" sizes=\"(max-width: 1024px) 100vw, 1024px\" \/><\/figure>\n\n\n\n<figure class=\"wp-block-image size-large\"><img decoding=\"async\" width=\"1024\" height=\"679\" data-id=\"33967\" src=\"https:\/\/lfmalaga.com\/wp-content\/uploads\/2023\/02\/FS2-1024x679.jpg\" alt=\"\" class=\"wp-image-33967\" srcset=\"https:\/\/lfmalaga.com\/wp-content\/uploads\/2023\/02\/FS2-1024x679.jpg 1024w, https:\/\/lfmalaga.com\/wp-content\/uploads\/2023\/02\/FS2-300x199.jpg 300w, https:\/\/lfmalaga.com\/wp-content\/uploads\/2023\/02\/FS2-768x509.jpg 768w, https:\/\/lfmalaga.com\/wp-content\/uploads\/2023\/02\/FS2-18x12.jpg 18w, https:\/\/lfmalaga.com\/wp-content\/uploads\/2023\/02\/FS2.jpg 1415w\" sizes=\"(max-width: 1024px) 100vw, 1024px\" \/><\/figure>\n\n\n\n<figure class=\"wp-block-image size-large\"><img decoding=\"async\" width=\"640\" height=\"480\" data-id=\"33968\" src=\"https:\/\/lfmalaga.com\/wp-content\/uploads\/2023\/02\/FS3.jpg\" alt=\"\" class=\"wp-image-33968\" srcset=\"https:\/\/lfmalaga.com\/wp-content\/uploads\/2023\/02\/FS3.jpg 640w, https:\/\/lfmalaga.com\/wp-content\/uploads\/2023\/02\/FS3-300x225.jpg 300w, https:\/\/lfmalaga.com\/wp-content\/uploads\/2023\/02\/FS3-16x12.jpg 16w\" sizes=\"(max-width: 640px) 100vw, 640px\" \/><\/figure>\n<\/figure>","protected":false},"excerpt":{"rendered":"<p>Du 15 au 17 f\u00e9vrier, nous avons re\u00e7u la visite de Mme Mar\u00eda Navajas, de l\u2019Association \u00ab\u00a0Femmes et Sciences\u00a0\u00bb. Elle est intervenue aupr\u00e8s de nos \u00e9l\u00e8ves de CM2, 5e et 2de. Cette association d\u00e9fend la volont\u00e9 de promouvoir et de valoriser les carri\u00e8res scientifiques et techniques aupr\u00e8s des jeunes filles et des jeunes femmes, ainsi [&hellip;]<\/p>\n","protected":false},"author":3,"featured_media":33969,"comment_status":"open","ping_status":"open","sticky":false,"template":"","format":"standard","meta":{"footnotes":""},"categories":[28],"tags":[],"class_list":["post-33970","post","type-post","status-publish","format-standard","has-post-thumbnail","hentry","category-actualites"],"_links":{"self":[{"href":"https:\/\/lfmalaga.com\/es\/wp-json\/wp\/v2\/posts\/33970","targetHints":{"allow":["GET"]}}],"collection":[{"href":"https:\/\/lfmalaga.com\/es\/wp-json\/wp\/v2\/posts"}],"about":[{"href":"https:\/\/lfmalaga.com\/es\/wp-json\/wp\/v2\/types\/post"}],"author":[{"embeddable":true,"href":"https:\/\/lfmalaga.com\/es\/wp-json\/wp\/v2\/users\/3"}],"replies":[{"embeddable":true,"href":"https:\/\/lfmalaga.com\/es\/wp-json\/wp\/v2\/comments?post=33970"}],"version-history":[{"count":1,"href":"https:\/\/lfmalaga.com\/es\/wp-json\/wp\/v2\/posts\/33970\/revisions"}],"predecessor-version":[{"id":33971,"href":"https:\/\/lfmalaga.com\/es\/wp-json\/wp\/v2\/posts\/33970\/revisions\/33971"}],"wp:featuredmedia":[{"embeddable":true,"href":"https:\/\/lfmalaga.com\/es\/wp-json\/wp\/v2\/media\/33969"}],"wp:attachment":[{"href":"https:\/\/lfmalaga.com\/es\/wp-json\/wp\/v2\/media?parent=33970"}],"wp:term":[{"taxonomy":"category","embeddable":true,"href":"https:\/\/lfmalaga.com\/es\/wp-json\/wp\/v2\/categories?post=33970"},{"taxonomy":"post_tag","embeddable":true,"href":"https:\/\/lfmalaga.com\/es\/wp-json\/wp\/v2\/tags?post=33970"}],"curies":[{"name":"wp","href":"https:\/\/api.w.org\/{rel}","templated":true}]}}