{"id":34038,"date":"2023-03-17T15:28:48","date_gmt":"2023-03-17T14:28:48","guid":{"rendered":"https:\/\/lfmalaga.com\/?p=34038"},"modified":"2023-03-20T09:17:38","modified_gmt":"2023-03-20T08:17:38","slug":"course-caritative-30-mars-2023","status":"publish","type":"post","link":"https:\/\/lfmalaga.com\/es\/course-caritative-30-mars-2023\/","title":{"rendered":"Carrera Solidaria \u2013 30 de marzo de 2023"},"content":{"rendered":"<p>El 30 de marzo de 2023, nuestro Liceo organizar\u00e1 una carrera solidaria en beneficio de la asociaci\u00f3n ELA.<\/p>\n\n\n\n<p>ELA es una asociaci\u00f3n que trabaja para luchar contra las leucodistrofias. \u00bfSu misi\u00f3n?<\/p>\n\n\n\n<ul class=\"wp-block-list\">\n<li>Ayudar y apoyar a las familias afectadas por la enfermedad.<\/li>\n\n\n\n<li>Apoyar la investigaci\u00f3n m\u00e9dica.<\/li>\n\n\n\n<li>Sensibilizar a la opini\u00f3n p\u00fablica.<\/li>\n\n\n\n<li>Desarrollar su acci\u00f3n a nivel internacional.<\/li>\n<\/ul>\n\n\n\n<p><\/p>\n\n\n\n<p>ELA existe hoy en Alemania, B\u00e9lgica, Espa\u00f1a, Francia, Italia, Jap\u00f3n, Luxemburgo, el Oc\u00e9ano \u00cdndico y Suiza.<\/p>\n\n\n\n<p>\u00bfC\u00f3mo vamos a ayudar a esta asociaci\u00f3n? Nuestros alumnos correr\u00e1n \u201cen lugar\u201d de ni\u00f1os enfermos y tendr\u00e1n su carrera patrocinada.<\/p>\n\n\n\n<p>\u00a1Buena participaci\u00f3n a todos!<\/p>\n\n\n\n<div class=\"wp-block-buttons is-layout-flex wp-block-buttons-is-layout-flex\">\n<div class=\"wp-block-button\"><a class=\"wp-block-button__link wp-element-button\" href=\"https:\/\/lfmalaga.com\/wp-content\/uploads\/2023\/03\/2023-03-16-Carrera-solidaria-ES.pdf\" target=\"_blank\" rel=\"noreferrer noopener\">Formulario de inscripci\u00f3n<\/a><\/div>\n<\/div>\n\n\n\n<p><\/p>\n\n\n\n<div class=\"wp-block-buttons is-layout-flex wp-block-buttons-is-layout-flex\">\n<div class=\"wp-block-button\"><a class=\"wp-block-button__link wp-element-button\" href=\"https:\/\/mtb.ela-asso.com\/kit-mtb\/\" target=\"_blank\" rel=\"noreferrer noopener\">ELA \u2013 V\u00eddeo de sensibilizaci\u00f3n<\/a><\/div>\n<\/div>","protected":false},"excerpt":{"rendered":"<p>Le 30 mars 2023, notre Lyc\u00e9e organisera une course caritative au profit de l\u2019association ELA. ELA est une association qui \u0153uvre pour lutter contre les leucodystrophies. Ses missions ? ELA existe aujourd\u2019hui en Allemagne, en Belgique, en Espagne, en France, en Italie, au Japon, au Luxembourg, dans l\u2019Oc\u00e9an Indien et en Suisse. Comment allons-nous aider [&hellip;]<\/p>\n","protected":false},"author":3,"featured_media":34039,"comment_status":"open","ping_status":"open","sticky":false,"template":"","format":"standard","meta":{"footnotes":""},"categories":[28],"tags":[],"class_list":["post-34038","post","type-post","status-publish","format-standard","has-post-thumbnail","hentry","category-actualites"],"_links":{"self":[{"href":"https:\/\/lfmalaga.com\/es\/wp-json\/wp\/v2\/posts\/34038","targetHints":{"allow":["GET"]}}],"collection":[{"href":"https:\/\/lfmalaga.com\/es\/wp-json\/wp\/v2\/posts"}],"about":[{"href":"https:\/\/lfmalaga.com\/es\/wp-json\/wp\/v2\/types\/post"}],"author":[{"embeddable":true,"href":"https:\/\/lfmalaga.com\/es\/wp-json\/wp\/v2\/users\/3"}],"replies":[{"embeddable":true,"href":"https:\/\/lfmalaga.com\/es\/wp-json\/wp\/v2\/comments?post=34038"}],"version-history":[{"count":2,"href":"https:\/\/lfmalaga.com\/es\/wp-json\/wp\/v2\/posts\/34038\/revisions"}],"predecessor-version":[{"id":34043,"href":"https:\/\/lfmalaga.com\/es\/wp-json\/wp\/v2\/posts\/34038\/revisions\/34043"}],"wp:featuredmedia":[{"embeddable":true,"href":"https:\/\/lfmalaga.com\/es\/wp-json\/wp\/v2\/media\/34039"}],"wp:attachment":[{"href":"https:\/\/lfmalaga.com\/es\/wp-json\/wp\/v2\/media?parent=34038"}],"wp:term":[{"taxonomy":"category","embeddable":true,"href":"https:\/\/lfmalaga.com\/es\/wp-json\/wp\/v2\/categories?post=34038"},{"taxonomy":"post_tag","embeddable":true,"href":"https:\/\/lfmalaga.com\/es\/wp-json\/wp\/v2\/tags?post=34038"}],"curies":[{"name":"wp","href":"https:\/\/api.w.org\/{rel}","templated":true}]}}