{"id":34109,"date":"2023-04-27T15:03:36","date_gmt":"2023-04-27T13:03:36","guid":{"rendered":"https:\/\/lfmalaga.com\/?p=34109"},"modified":"2023-04-27T15:13:29","modified_gmt":"2023-04-27T13:13:29","slug":"euromad-2023","status":"publish","type":"post","link":"https:\/\/lfmalaga.com\/es\/euromad-2023\/","title":{"rendered":"EUROMAD 2023"},"content":{"rendered":"<p>La edici\u00f3n 2023 de EUROMAD (simulaci\u00f3n del funcionamiento de las instituciones europeas en Madrid) tuvo lugar del 16 al 19 de abril de 2023.<\/p>\n\n\n\n<p>Durante la ceremonia de apertura, los 270 delegados asistieron a diversas presentaciones y discursos de bienvenida, incluido el del Sr. Chuzeville, diplom\u00e1tico, Ministro Consejero de la Embajada de Francia en Espa\u00f1a.<\/p>\n\n\n\n<p>Este a\u00f1o, el equipo seleccionado en M\u00e1laga estuvo formado por 6 alumnos de 1<sup>\u00ba bach.<\/sup> dividido en 6 comisiones diferentes, todas representando a Bulgaria:<\/p>\n\n\n\n<ul class=\"wp-block-list\">\n<li>Darine Ben Balla, delegada en el Comit\u00e9 de Ampliaci\u00f3n, en franc\u00e9s.<\/li>\n<\/ul>\n\n\n\n<ul class=\"wp-block-list\">\n<li>Luna Nadal, delegada en la comisi\u00f3n Mercosur, en franc\u00e9s.<\/li>\n<\/ul>\n\n\n\n<ul class=\"wp-block-list\">\n<li>\u00c1lvaro Ca\u00f1ete, delegado en la comisi\u00f3n de Defensa, biling\u00fce franc\u00e9s\/ingl\u00e9s.<\/li>\n<\/ul>\n\n\n\n<ul class=\"wp-block-list\">\n<li>Marta Sarmiento, delegada en la comisi\u00f3n Espacio, biling\u00fce franc\u00e9s\/ingl\u00e9s.<\/li>\n<\/ul>\n\n\n\n<ul class=\"wp-block-list\">\n<li>Noam Martinez-Perret, delegado en el Comit\u00e9 de Agricultura, en ingl\u00e9s.<\/li>\n<\/ul>\n\n\n\n<ul class=\"wp-block-list\">\n<li>Tina Guillaumot, delegada en el Comit\u00e9 de Migraciones, en franc\u00e9s.<\/li>\n<\/ul>\n\n\n\n<p><\/p>\n\n\n\n<p>Anteriormente, los estudiantes realizaron investigaciones y escribieron textos de pol\u00edtica general sobre temas impuestos.<\/p>\n\n\n\n<p>Una vez reunidos en comisi\u00f3n, debatieron estos textos con los dem\u00e1s delegados de sus comisiones y propusieron y votaron enmiendas.<\/p>\n\n\n\n<p>Finalmente, durante la Asamblea General se volvieron a debatir los distintos textos emanados de las distintas comisiones, para luego ser sometidos a votaci\u00f3n general.<\/p>\n\n\n\n<p>Queremos felicitar a nuestros alumnos por su trabajo e implicaci\u00f3n.<\/p>\n\n\n\n<figure class=\"wp-block-gallery has-nested-images columns-default is-cropped wp-block-gallery-1 is-layout-flex wp-block-gallery-is-layout-flex\">\n<figure class=\"wp-block-image size-large\"><img fetchpriority=\"high\" decoding=\"async\" width=\"1024\" height=\"768\" data-id=\"34115\" src=\"https:\/\/lfmalaga.com\/wp-content\/uploads\/2023\/04\/WhatsApp-Image-2023-04-26-at-22.07.18-1024x768.jpeg\" alt=\"\" class=\"wp-image-34115\" srcset=\"https:\/\/lfmalaga.com\/wp-content\/uploads\/2023\/04\/WhatsApp-Image-2023-04-26-at-22.07.18-1024x768.jpeg 1024w, https:\/\/lfmalaga.com\/wp-content\/uploads\/2023\/04\/WhatsApp-Image-2023-04-26-at-22.07.18-300x225.jpeg 300w, https:\/\/lfmalaga.com\/wp-content\/uploads\/2023\/04\/WhatsApp-Image-2023-04-26-at-22.07.18-768x576.jpeg 768w, https:\/\/lfmalaga.com\/wp-content\/uploads\/2023\/04\/WhatsApp-Image-2023-04-26-at-22.07.18-1536x1152.jpeg 1536w, https:\/\/lfmalaga.com\/wp-content\/uploads\/2023\/04\/WhatsApp-Image-2023-04-26-at-22.07.18-16x12.jpeg 16w, https:\/\/lfmalaga.com\/wp-content\/uploads\/2023\/04\/WhatsApp-Image-2023-04-26-at-22.07.18.jpeg 2016w\" sizes=\"(max-width: 1024px) 100vw, 1024px\" \/><\/figure>\n\n\n\n<figure class=\"wp-block-image size-large\"><img decoding=\"async\" width=\"1024\" height=\"768\" data-id=\"34116\" src=\"https:\/\/lfmalaga.com\/wp-content\/uploads\/2023\/04\/WhatsApp-Image-2023-04-26-at-22.07.20-1024x768.jpeg\" alt=\"\" class=\"wp-image-34116\" srcset=\"https:\/\/lfmalaga.com\/wp-content\/uploads\/2023\/04\/WhatsApp-Image-2023-04-26-at-22.07.20-1024x768.jpeg 1024w, https:\/\/lfmalaga.com\/wp-content\/uploads\/2023\/04\/WhatsApp-Image-2023-04-26-at-22.07.20-300x225.jpeg 300w, https:\/\/lfmalaga.com\/wp-content\/uploads\/2023\/04\/WhatsApp-Image-2023-04-26-at-22.07.20-768x576.jpeg 768w, https:\/\/lfmalaga.com\/wp-content\/uploads\/2023\/04\/WhatsApp-Image-2023-04-26-at-22.07.20-1536x1152.jpeg 1536w, https:\/\/lfmalaga.com\/wp-content\/uploads\/2023\/04\/WhatsApp-Image-2023-04-26-at-22.07.20-16x12.jpeg 16w, https:\/\/lfmalaga.com\/wp-content\/uploads\/2023\/04\/WhatsApp-Image-2023-04-26-at-22.07.20.jpeg 2016w\" sizes=\"(max-width: 1024px) 100vw, 1024px\" \/><\/figure>\n\n\n\n<figure class=\"wp-block-image size-large\"><img decoding=\"async\" width=\"1024\" height=\"768\" data-id=\"34110\" src=\"https:\/\/lfmalaga.com\/wp-content\/uploads\/2023\/04\/WhatsApp-Image-2023-04-26-at-22.07.23-1-1024x768.jpeg\" alt=\"\" class=\"wp-image-34110\" srcset=\"https:\/\/lfmalaga.com\/wp-content\/uploads\/2023\/04\/WhatsApp-Image-2023-04-26-at-22.07.23-1-1024x768.jpeg 1024w, https:\/\/lfmalaga.com\/wp-content\/uploads\/2023\/04\/WhatsApp-Image-2023-04-26-at-22.07.23-1-300x225.jpeg 300w, https:\/\/lfmalaga.com\/wp-content\/uploads\/2023\/04\/WhatsApp-Image-2023-04-26-at-22.07.23-1-768x576.jpeg 768w, https:\/\/lfmalaga.com\/wp-content\/uploads\/2023\/04\/WhatsApp-Image-2023-04-26-at-22.07.23-1-1536x1152.jpeg 1536w, https:\/\/lfmalaga.com\/wp-content\/uploads\/2023\/04\/WhatsApp-Image-2023-04-26-at-22.07.23-1-16x12.jpeg 16w, https:\/\/lfmalaga.com\/wp-content\/uploads\/2023\/04\/WhatsApp-Image-2023-04-26-at-22.07.23-1.jpeg 2016w\" sizes=\"(max-width: 1024px) 100vw, 1024px\" \/><\/figure>\n<\/figure>\n\n\n\n<p><\/p>\n\n\n\n<figure class=\"wp-block-gallery has-nested-images columns-default is-cropped wp-block-gallery-2 is-layout-flex wp-block-gallery-is-layout-flex\">\n<figure class=\"wp-block-image size-large\"><img loading=\"lazy\" decoding=\"async\" width=\"1024\" height=\"768\" data-id=\"34111\" src=\"https:\/\/lfmalaga.com\/wp-content\/uploads\/2023\/04\/WhatsApp-Image-2023-04-26-at-22.07.23-2-1024x768.jpeg\" alt=\"\" class=\"wp-image-34111\" srcset=\"https:\/\/lfmalaga.com\/wp-content\/uploads\/2023\/04\/WhatsApp-Image-2023-04-26-at-22.07.23-2-1024x768.jpeg 1024w, https:\/\/lfmalaga.com\/wp-content\/uploads\/2023\/04\/WhatsApp-Image-2023-04-26-at-22.07.23-2-300x225.jpeg 300w, https:\/\/lfmalaga.com\/wp-content\/uploads\/2023\/04\/WhatsApp-Image-2023-04-26-at-22.07.23-2-768x576.jpeg 768w, https:\/\/lfmalaga.com\/wp-content\/uploads\/2023\/04\/WhatsApp-Image-2023-04-26-at-22.07.23-2-1536x1152.jpeg 1536w, https:\/\/lfmalaga.com\/wp-content\/uploads\/2023\/04\/WhatsApp-Image-2023-04-26-at-22.07.23-2-16x12.jpeg 16w, https:\/\/lfmalaga.com\/wp-content\/uploads\/2023\/04\/WhatsApp-Image-2023-04-26-at-22.07.23-2.jpeg 2016w\" sizes=\"(max-width: 1024px) 100vw, 1024px\" \/><\/figure>\n\n\n\n<figure class=\"wp-block-image size-large\"><img loading=\"lazy\" decoding=\"async\" width=\"1024\" height=\"768\" data-id=\"34114\" src=\"https:\/\/lfmalaga.com\/wp-content\/uploads\/2023\/04\/WhatsApp-Image-2023-04-26-at-22.07.27-1024x768.jpeg\" alt=\"\" class=\"wp-image-34114\" srcset=\"https:\/\/lfmalaga.com\/wp-content\/uploads\/2023\/04\/WhatsApp-Image-2023-04-26-at-22.07.27-1024x768.jpeg 1024w, https:\/\/lfmalaga.com\/wp-content\/uploads\/2023\/04\/WhatsApp-Image-2023-04-26-at-22.07.27-300x225.jpeg 300w, https:\/\/lfmalaga.com\/wp-content\/uploads\/2023\/04\/WhatsApp-Image-2023-04-26-at-22.07.27-768x576.jpeg 768w, https:\/\/lfmalaga.com\/wp-content\/uploads\/2023\/04\/WhatsApp-Image-2023-04-26-at-22.07.27-1536x1152.jpeg 1536w, https:\/\/lfmalaga.com\/wp-content\/uploads\/2023\/04\/WhatsApp-Image-2023-04-26-at-22.07.27-16x12.jpeg 16w, https:\/\/lfmalaga.com\/wp-content\/uploads\/2023\/04\/WhatsApp-Image-2023-04-26-at-22.07.27.jpeg 2048w\" sizes=\"(max-width: 1024px) 100vw, 1024px\" \/><\/figure>\n\n\n\n<figure class=\"wp-block-image size-large\"><img loading=\"lazy\" decoding=\"async\" width=\"1024\" height=\"768\" data-id=\"34113\" src=\"https:\/\/lfmalaga.com\/wp-content\/uploads\/2023\/04\/WhatsApp-Image-2023-04-26-at-22.07.24-1024x768.jpeg\" alt=\"\" class=\"wp-image-34113\" srcset=\"https:\/\/lfmalaga.com\/wp-content\/uploads\/2023\/04\/WhatsApp-Image-2023-04-26-at-22.07.24-1024x768.jpeg 1024w, https:\/\/lfmalaga.com\/wp-content\/uploads\/2023\/04\/WhatsApp-Image-2023-04-26-at-22.07.24-300x225.jpeg 300w, https:\/\/lfmalaga.com\/wp-content\/uploads\/2023\/04\/WhatsApp-Image-2023-04-26-at-22.07.24-768x576.jpeg 768w, https:\/\/lfmalaga.com\/wp-content\/uploads\/2023\/04\/WhatsApp-Image-2023-04-26-at-22.07.24-1536x1152.jpeg 1536w, https:\/\/lfmalaga.com\/wp-content\/uploads\/2023\/04\/WhatsApp-Image-2023-04-26-at-22.07.24-16x12.jpeg 16w, https:\/\/lfmalaga.com\/wp-content\/uploads\/2023\/04\/WhatsApp-Image-2023-04-26-at-22.07.24.jpeg 2016w\" sizes=\"(max-width: 1024px) 100vw, 1024px\" \/><\/figure>\n<\/figure>","protected":false},"excerpt":{"rendered":"<p>L&rsquo;\u00e9dition 2023 d&rsquo;EUROMAD (simulation du fonctionnement des institutions europ\u00e9ennes \u00e0 Madrid) s&rsquo;est d\u00e9roul\u00e9e du 16 au 19 avril 2023. Lors de la c\u00e9r\u00e9monie d&rsquo;ouverture, les 270 d\u00e9l\u00e9gu\u00e9s ont assist\u00e9 \u00e0 diff\u00e9rents discours de pr\u00e9sentation et de bienvenue dont celui de Monsieur Chuzeville, diplomate, Ministre conseiller de l&rsquo;Ambassade de France en Espagne. Cette ann\u00e9e, l&rsquo;\u00e9quipe s\u00e9lectionn\u00e9e [&hellip;]<\/p>\n","protected":false},"author":3,"featured_media":34113,"comment_status":"open","ping_status":"open","sticky":false,"template":"","format":"standard","meta":{"footnotes":""},"categories":[28],"tags":[],"class_list":["post-34109","post","type-post","status-publish","format-standard","has-post-thumbnail","hentry","category-actualites"],"_links":{"self":[{"href":"https:\/\/lfmalaga.com\/es\/wp-json\/wp\/v2\/posts\/34109","targetHints":{"allow":["GET"]}}],"collection":[{"href":"https:\/\/lfmalaga.com\/es\/wp-json\/wp\/v2\/posts"}],"about":[{"href":"https:\/\/lfmalaga.com\/es\/wp-json\/wp\/v2\/types\/post"}],"author":[{"embeddable":true,"href":"https:\/\/lfmalaga.com\/es\/wp-json\/wp\/v2\/users\/3"}],"replies":[{"embeddable":true,"href":"https:\/\/lfmalaga.com\/es\/wp-json\/wp\/v2\/comments?post=34109"}],"version-history":[{"count":2,"href":"https:\/\/lfmalaga.com\/es\/wp-json\/wp\/v2\/posts\/34109\/revisions"}],"predecessor-version":[{"id":34118,"href":"https:\/\/lfmalaga.com\/es\/wp-json\/wp\/v2\/posts\/34109\/revisions\/34118"}],"wp:featuredmedia":[{"embeddable":true,"href":"https:\/\/lfmalaga.com\/es\/wp-json\/wp\/v2\/media\/34113"}],"wp:attachment":[{"href":"https:\/\/lfmalaga.com\/es\/wp-json\/wp\/v2\/media?parent=34109"}],"wp:term":[{"taxonomy":"category","embeddable":true,"href":"https:\/\/lfmalaga.com\/es\/wp-json\/wp\/v2\/categories?post=34109"},{"taxonomy":"post_tag","embeddable":true,"href":"https:\/\/lfmalaga.com\/es\/wp-json\/wp\/v2\/tags?post=34109"}],"curies":[{"name":"wp","href":"https:\/\/api.w.org\/{rel}","templated":true}]}}