{"id":35555,"date":"2025-02-03T13:53:41","date_gmt":"2025-02-03T12:53:41","guid":{"rendered":"https:\/\/lfmalaga.com\/concours-international-de-la-photographie-16e-edition-copy\/"},"modified":"2025-02-17T13:05:05","modified_gmt":"2025-02-17T12:05:05","slug":"concours-international-de-la-photographie-17e-edition","status":"publish","type":"post","link":"https:\/\/lfmalaga.com\/es\/concours-international-de-la-photographie-17e-edition\/","title":{"rendered":"Concurso Internacional de Fotograf\u00eda \u2013 17\u00aa edici\u00f3n"},"content":{"rendered":"<div data-elementor-type=\"wp-post\" data-elementor-id=\"35555\" class=\"elementor elementor-35555\" data-elementor-post-type=\"post\">\n\t\t\t\t\t\t<section class=\"elementor-section elementor-top-section elementor-element elementor-element-75daacdd elementor-section-boxed elementor-section-height-default elementor-section-height-default\" data-id=\"75daacdd\" data-element_type=\"section\" data-e-type=\"section\">\n\t\t\t\t\t\t<div class=\"elementor-container elementor-column-gap-default\">\n\t\t\t\t\t<div class=\"elementor-column elementor-col-100 elementor-top-column elementor-element elementor-element-805734e\" data-id=\"805734e\" data-element_type=\"column\" data-e-type=\"column\">\n\t\t\t<div class=\"elementor-widget-wrap elementor-element-populated\">\n\t\t\t\t\t\t<div class=\"elementor-element elementor-element-e9cad25 elementor-widget elementor-widget-image\" data-id=\"e9cad25\" data-element_type=\"widget\" data-e-type=\"widget\" data-widget_type=\"image.default\">\n\t\t\t\t<div class=\"elementor-widget-container\">\n\t\t\t\t\t\t\t\t\t\t\t\t\t\t\t<img fetchpriority=\"high\" decoding=\"async\" width=\"768\" height=\"1103\" src=\"https:\/\/lfmalaga.com\/wp-content\/uploads\/2025\/02\/WEB-provisoire-17-CIP-fenetre-768x1103.jpg\" class=\"attachment-medium_large size-medium_large wp-image-35557\" alt=\"\" srcset=\"https:\/\/lfmalaga.com\/wp-content\/uploads\/2025\/02\/WEB-provisoire-17-CIP-fenetre-768x1103.jpg 768w, https:\/\/lfmalaga.com\/wp-content\/uploads\/2025\/02\/WEB-provisoire-17-CIP-fenetre-209x300.jpg 209w, https:\/\/lfmalaga.com\/wp-content\/uploads\/2025\/02\/WEB-provisoire-17-CIP-fenetre-713x1024.jpg 713w, https:\/\/lfmalaga.com\/wp-content\/uploads\/2025\/02\/WEB-provisoire-17-CIP-fenetre-1070x1536.jpg 1070w, https:\/\/lfmalaga.com\/wp-content\/uploads\/2025\/02\/WEB-provisoire-17-CIP-fenetre-1426x2048.jpg 1426w, https:\/\/lfmalaga.com\/wp-content\/uploads\/2025\/02\/WEB-provisoire-17-CIP-fenetre-8x12.jpg 8w, https:\/\/lfmalaga.com\/wp-content\/uploads\/2025\/02\/WEB-provisoire-17-CIP-fenetre-scaled.jpg 1783w\" sizes=\"(max-width: 768px) 100vw, 768px\" \/>\t\t\t\t\t\t\t\t\t\t\t\t\t\t\t<\/div>\n\t\t\t\t<\/div>\n\t\t\t\t<div class=\"elementor-element elementor-element-95e57f3 elementor-widget elementor-widget-text-editor\" data-id=\"95e57f3\" data-element_type=\"widget\" data-e-type=\"widget\" data-widget_type=\"text-editor.default\">\n\t\t\t\t<div class=\"elementor-widget-container\">\n\t\t\t\t\t\t\t\t\t<p style=\"text-align: center;\">Por s\u00e9ptimo a\u00f1o consecutivo, el LFIM organiza el Concurso Internacional de Fotograf\u00eda abierto a todos los estudiantes de escuelas secundarias y preparatorias de colegios franceses en el extranjero.<\/p><h1 style=\"text-align: center;\"><b>17\u00aa edici\u00f3n del Concurso Internacional de Fotograf\u00eda<\/b><\/h1><p style=\"text-align: center;\">Organizado por el Lyc\u00e9e Fran\u00e7ais International de M\u00e1laga<\/p><p style=\"text-align: center;\">El tema es:<\/p><h1 style=\"text-align: center;\">Mi ventana, mi mundo<\/h1><p style=\"text-align: center;\">Cada ventana cuenta una historia \u00fanica sobre el mundo que te rodea.<\/p><p style=\"text-align: center;\">Te invitamos a compartir la belleza, diversidad y emoci\u00f3n que ofrece la vista \u00fanica desde tu ventana. Ya sea un paisaje grandioso, una escena urbana, un momento de la vida cotidiana o un detalle inusual.<\/p><p style=\"text-align: center;\">Nota importante: Es esencial integrar el marco de la ventana en la imagen, ya sea parcial o total.<\/p>\t\t\t\t\t\t\t\t<\/div>\n\t\t\t\t<\/div>\n\t\t\t\t<div class=\"elementor-element elementor-element-25fad6b elementor-align-center elementor-widget elementor-widget-button\" data-id=\"25fad6b\" data-element_type=\"widget\" data-e-type=\"widget\" data-widget_type=\"button.default\">\n\t\t\t\t<div class=\"elementor-widget-container\">\n\t\t\t\t\t\t\t\t\t<div class=\"elementor-button-wrapper\">\n\t\t\t\t\t<a class=\"elementor-button elementor-button-link elementor-size-sm\" href=\"https:\/\/docs.google.com\/forms\/d\/e\/1FAIpQLSeiNDnhiPrPpumvK7AEHLcngOJAQyUMRHlzsuPP2c4VNsBS3g\/viewform?usp=sharing\" target=\"_blank\" rel=\"noopener\">\n\t\t\t\t\t\t<span class=\"elementor-button-content-wrapper\">\n\t\t\t\t\t\t<span class=\"elementor-button-icon\">\n\t\t\t\t<i aria-hidden=\"true\" class=\"far fa-hand-point-right\"><\/i>\t\t\t<\/span>\n\t\t\t\t\t\t\t\t\t<span class=\"elementor-button-text\">Registro<\/span>\n\t\t\t\t\t<\/span>\n\t\t\t\t\t<\/a>\n\t\t\t\t<\/div>\n\t\t\t\t\t\t\t\t<\/div>\n\t\t\t\t<\/div>\n\t\t\t\t<div class=\"elementor-element elementor-element-44bc2cc6 elementor-widget elementor-widget-text-editor\" data-id=\"44bc2cc6\" data-element_type=\"widget\" data-e-type=\"widget\" data-widget_type=\"text-editor.default\">\n\t\t\t\t<div class=\"elementor-widget-container\">\n\t\t\t\t\t\t\t\t\t<p><strong>NORMAS:<\/strong><\/p><p><strong>Art\u00edculo 1<\/strong>\u2013 Este concurso est\u00e1 abierto a todos los estudiantes de secundaria y preparatoria inscritos en un instituto franc\u00e9s en el extranjero.<\/p><p><strong>Art\u00edculo 2<\/strong>\u2013 La participaci\u00f3n en el concurso es gratuita.<\/p><p><strong>Art\u00edculo 3<\/strong>\u2013 S\u00f3lo se aceptar\u00e1 una fotograf\u00eda en color o en blanco y negro por participante.<\/p><p><strong>Art\u00edculo 4<\/strong>\u2013<strong> \u00a0<\/strong>Las transformaciones de gr\u00e1ficos de computadora y las im\u00e1genes de IA est\u00e1n estrictamente prohibidas, a excepci\u00f3n de los ajustes cl\u00e1sicos como brillo, contraste, saturaci\u00f3n, balance de blancos o recorte.<\/p><p><strong>Art\u00edculo 5<\/strong>\u2013 El trabajo deber\u00e1 ser creado exclusivamente por el estudiante.<\/p><p><strong>Art\u00edculo<\/strong> <strong>\u00a06<\/strong>\u2013 S\u00f3lo se aceptar\u00e1n fotograf\u00edas digitales en formato JPEG con dimensiones de al menos 2500 p\u00edxeles en su lado m\u00e1s grande y una resoluci\u00f3n de 200 dpi.<\/p><p><strong>Art\u00edculo 7<\/strong>\u2013 <strong>IMPORTANTE <\/strong>:Su fotograf\u00eda digital deber\u00e1 ser adjuntada con el formulario de inscripci\u00f3n vinculado a la direcci\u00f3n:<\/p><div><p><!-- \/wp:button --><\/p><\/div><p><!-- \/wp:buttons --><\/p>\t\t\t\t\t\t\t\t<\/div>\n\t\t\t\t<\/div>\n\t\t\t\t<div class=\"elementor-element elementor-element-6210377 elementor-widget elementor-widget-image\" data-id=\"6210377\" data-element_type=\"widget\" data-e-type=\"widget\" data-widget_type=\"image.default\">\n\t\t\t\t<div class=\"elementor-widget-container\">\n\t\t\t\t\t\t\t\t\t\t\t\t\t\t\t<img decoding=\"async\" width=\"150\" height=\"150\" src=\"https:\/\/lfmalaga.com\/wp-content\/uploads\/2025\/02\/Formulaire-150x150.png\" class=\"attachment-thumbnail size-thumbnail wp-image-35577\" alt=\"\" srcset=\"https:\/\/lfmalaga.com\/wp-content\/uploads\/2025\/02\/Formulaire-150x150.png 150w, https:\/\/lfmalaga.com\/wp-content\/uploads\/2025\/02\/Formulaire-300x300.png 300w, https:\/\/lfmalaga.com\/wp-content\/uploads\/2025\/02\/Formulaire-768x768.png 768w, https:\/\/lfmalaga.com\/wp-content\/uploads\/2025\/02\/Formulaire-12x12.png 12w, https:\/\/lfmalaga.com\/wp-content\/uploads\/2025\/02\/Formulaire.png 1023w\" sizes=\"(max-width: 150px) 100vw, 150px\" \/>\t\t\t\t\t\t\t\t\t\t\t\t\t\t\t<\/div>\n\t\t\t\t<\/div>\n\t\t\t\t<div class=\"elementor-element elementor-element-73eeef5 elementor-widget elementor-widget-text-editor\" data-id=\"73eeef5\" data-element_type=\"widget\" data-e-type=\"widget\" data-widget_type=\"text-editor.default\">\n\t\t\t\t<div class=\"elementor-widget-container\">\n\t\t\t\t\t\t\t\t\t<p><strong>Art\u00edculo 8<\/strong>\u2013 Se enviar\u00e1 una confirmaci\u00f3n del env\u00edo al autor. \u00a0<\/p><p><strong>Art\u00edculo 9<\/strong>\u2013 La fecha l\u00edmite para el env\u00edo se establece en <strong>29 de abril de 2025.<\/strong><\/p><p><strong>Art\u00edculo 10<\/strong>\u2013 El jurado tiene la \u00faltima palabra en la elecci\u00f3n de las fotograf\u00edas seleccionadas, bas\u00e1ndose en criterios t\u00e9cnicos o \u00e9ticos:<\/p><p>\u2014 Respeto por la tem\u00e1tica.<\/p><p>\u2014 Composici\u00f3n de la fotograf\u00eda.<\/p><p>\u2014 Impacto visual.<\/p><p>\u2014 Calidad t\u00e9cnica.<\/p><p>\u2014 Se denegar\u00e1n los documentos de propaganda o que difundan mensajes de odio o cualquier otra forma de representaci\u00f3n que atente contra la dignidad.<\/p><p><strong>Art\u00edculo 11<\/strong>- Las decisiones del jurado son inapelables.<\/p><p><strong>Art\u00edculo 12<\/strong>\u2014 Los resultados se publicar\u00e1n el\u00a0<strong>29 de mayo de 2025.<\/strong><\/p><p><strong>Art\u00edculo 13<\/strong>\u2014 Una vez publicados los resultados, se enviar\u00e1n los premios a los establecimientos correspondientes para su entrega a los ganadores, as\u00ed como una selecci\u00f3n de las 10 mejores fotograf\u00edas.<strong><em>.<\/em><\/strong><\/p><p><strong>Art\u00edculo 14<\/strong>\u2014 La participaci\u00f3n en el Concurso implica el conocimiento y aceptaci\u00f3n del presente reglamento. La Direcci\u00f3n del Concurso se reserva el derecho de resolver sin recurso cualquier situaci\u00f3n no prevista en este reglamento.<\/p><p><strong>\u00a0<\/strong><\/p><p><strong>JURADO:<\/strong><\/p><p>El jurado estar\u00e1 compuesto por profesionales de la fotograf\u00eda, docentes, padres de alumnos y miembros de la administraci\u00f3n.<\/p><p><strong>PERSONAL:<\/strong><\/p><p>Se otorgar\u00e1n cuatro premios:<\/p><p><strong>1\u00ba Premio<\/strong> <strong>LFI M\u00e1laga<\/strong> \u2013 \u00a0\u00a0<strong>600 euros.<\/strong><\/p><p><strong>2\u00ba premio<\/strong>\u00a0 \u2013\u00a0\u00a0 <strong>400 euros<\/strong><\/p><p><strong>3\u00ba premio<\/strong>\u00a0 \u2013 \u00a0\u00a0<strong>200 euros.<\/strong><\/p><p><strong>4\u00ba Premio<\/strong>\u00a0 \u2013 \u00a0\u00a0<strong>100 euros<\/strong>.<\/p><p><strong>\u00a0<\/strong><\/p><p><strong>EXPOSICI\u00d3N :<\/strong><\/p><p><strong>\u00a0<\/strong>\u2013 Las obras fotogr\u00e1ficas de los ganadores ser\u00e1n descubiertas y presentadas en forma de exposici\u00f3n en el Lyc\u00e9e Fran\u00e7ais International de M\u00e1laga, la semana del <strong>17-21 de junio<\/strong> <strong>2025.<\/strong><strong> \u00a0<\/strong><\/p><p><strong>\u00a0<\/strong>\u2013 Las fotograf\u00edas ganadoras tambi\u00e9n se publicar\u00e1n en la p\u00e1gina web del colegio: <a href=\"http:\/\/www.lfmalaga.com\/\"><strong>http:\/\/www.lfmalaga.com<\/strong><strong>\/<\/strong><\/a><\/p><p><strong>\u00a0\u00a0\u00a0\u00a0 <\/strong><\/p><p>\u00a1Buena suerte a todos los participantes!<\/p><div><p><!-- \/wp:button --><\/p><\/div><p><!-- \/wp:buttons --><\/p>\t\t\t\t\t\t\t\t<\/div>\n\t\t\t\t<\/div>\n\t\t\t\t\t<\/div>\n\t\t<\/div>\n\t\t\t\t\t<\/div>\n\t\t<\/section>\n\t\t<div class=\"elementor-element elementor-element-37bdbc1 e-flex e-con-boxed e-con e-parent\" data-id=\"37bdbc1\" data-element_type=\"container\" data-e-type=\"container\">\n\t\t\t\t\t<div class=\"e-con-inner\">\n\t\t\t\t<div class=\"elementor-element elementor-element-f9640f6 elementor-align-center elementor-widget elementor-widget-button\" data-id=\"f9640f6\" data-element_type=\"widget\" data-e-type=\"widget\" data-widget_type=\"button.default\">\n\t\t\t\t<div class=\"elementor-widget-container\">\n\t\t\t\t\t\t\t\t\t<div class=\"elementor-button-wrapper\">\n\t\t\t\t\t<a class=\"elementor-button elementor-button-link elementor-size-sm\" href=\"https:\/\/docs.google.com\/forms\/d\/e\/1FAIpQLSeiNDnhiPrPpumvK7AEHLcngOJAQyUMRHlzsuPP2c4VNsBS3g\/viewform?usp=sharing\" target=\"_blank\" rel=\"noopener\">\n\t\t\t\t\t\t<span class=\"elementor-button-content-wrapper\">\n\t\t\t\t\t\t\t\t\t<span class=\"elementor-button-text\">REGISTRO<\/span>\n\t\t\t\t\t<\/span>\n\t\t\t\t\t<\/a>\n\t\t\t\t<\/div>\n\t\t\t\t\t\t\t\t<\/div>\n\t\t\t\t<\/div>\n\t\t\t\t\t<\/div>\n\t\t\t\t<\/div>\n\t\t\t\t<\/div>","protected":false},"excerpt":{"rendered":"<p>7ette ann\u00e9e encore, le LFIM organise le Concours International de la Photographie ouvert \u00e0 tous les coll\u00e9giens \/ lyc\u00e9ens de Lyc\u00e9es fran\u00e7ais \u00e0 l&rsquo;\u00e9tranger. 17\u00e8me \u00e9dition du Concours International de la Photographie Organis\u00e9 par le Lyc\u00e9e Fran\u00e7ais International de Malaga Le th\u00e8me est : Ma Fen\u00eatre, Mon Monde Chaque fen\u00eatre raconte une histoire singuli\u00e8re sur [&hellip;]<\/p>\n","protected":false},"author":6,"featured_media":35557,"comment_status":"open","ping_status":"open","sticky":false,"template":"","format":"standard","meta":{"footnotes":""},"categories":[28],"tags":[],"class_list":["post-35555","post","type-post","status-publish","format-standard","has-post-thumbnail","hentry","category-actualites"],"_links":{"self":[{"href":"https:\/\/lfmalaga.com\/es\/wp-json\/wp\/v2\/posts\/35555","targetHints":{"allow":["GET"]}}],"collection":[{"href":"https:\/\/lfmalaga.com\/es\/wp-json\/wp\/v2\/posts"}],"about":[{"href":"https:\/\/lfmalaga.com\/es\/wp-json\/wp\/v2\/types\/post"}],"author":[{"embeddable":true,"href":"https:\/\/lfmalaga.com\/es\/wp-json\/wp\/v2\/users\/6"}],"replies":[{"embeddable":true,"href":"https:\/\/lfmalaga.com\/es\/wp-json\/wp\/v2\/comments?post=35555"}],"version-history":[{"count":19,"href":"https:\/\/lfmalaga.com\/es\/wp-json\/wp\/v2\/posts\/35555\/revisions"}],"predecessor-version":[{"id":35740,"href":"https:\/\/lfmalaga.com\/es\/wp-json\/wp\/v2\/posts\/35555\/revisions\/35740"}],"wp:featuredmedia":[{"embeddable":true,"href":"https:\/\/lfmalaga.com\/es\/wp-json\/wp\/v2\/media\/35557"}],"wp:attachment":[{"href":"https:\/\/lfmalaga.com\/es\/wp-json\/wp\/v2\/media?parent=35555"}],"wp:term":[{"taxonomy":"category","embeddable":true,"href":"https:\/\/lfmalaga.com\/es\/wp-json\/wp\/v2\/categories?post=35555"},{"taxonomy":"post_tag","embeddable":true,"href":"https:\/\/lfmalaga.com\/es\/wp-json\/wp\/v2\/tags?post=35555"}],"curies":[{"name":"wp","href":"https:\/\/api.w.org\/{rel}","templated":true}]}}